{"id":16077,"date":"2025-10-15T09:17:18","date_gmt":"2025-10-15T07:17:18","guid":{"rendered":"https:\/\/forum-helveticum.ch\/?p=16077"},"modified":"2025-10-15T09:44:00","modified_gmt":"2025-10-15T07:44:00","slug":"giornata-del-plurilinguismo-2025-un-forte-segnale-da-parte-del-parlamento-2","status":"publish","type":"post","link":"https:\/\/forum-helveticum.ch\/it\/2025\/10\/giornata-del-plurilinguismo-2025-un-forte-segnale-da-parte-del-parlamento-2\/","title":{"rendered":"Giornata del plurilinguismo 2025: un forte segnale da parte del Parlamento"},"content":{"rendered":"<p><sup><em>Da sinistra a destra: le consigliere nazionali Greta Gysin e Anna Giacometti, copresidenti del intergruppo parlamentare ITALIANIT\u00c0; il consigliere nazionale Laurent Wehrli, presidente di Helvetia Latina; il consigliere nazionale Martin Candinas, presidente dei intergruppi parlamentari Mehrsprachigkeit CH e Lingua e cultura rumantscha (Foto: Monika Fl\u00fcckiger \/ Forum Helveticum).<\/em><\/sup><\/p>\r\n<p>Il 25 settembre 2025 ha avuto luogo la settima edizione della Giornata del plurilinguismo. In questa occasione,\u00a0Helvetia Latina, insieme ai gruppi parlamentari\u00a0\u00abPlurilinguismo CH\u00bb\u00a0(di cui il Forum Helveticum assicura il segretariato),\u00a0\u00abITALIANIT\u00c0\u00bb\u00a0e\u00a0\u00abLingua e cultura rumantscha\u00bb, ha organizzato una\u00a0conferenza stampa\u00a0dedicata alle sfide attuali della politica linguistica in Svizzera. A seguire, ha invitato esponenti del Parlamento e rappresentanti delle istituzioni impegnati nella promozione delle lingue nazionali e del plurilinguismo a uno scambio di opinioni durante il tradizionale aperitivo organizzato alla Galerie des Alpes.<\/p>\r\n<p><!--more--><\/p>\r\n<p>Alla conferenza stampa hanno preso parte il\u00a0consigliere nazionale Martin Candinas, presidente dei intergruppi parlamentari <em>\u00abPlurilinguismo CH\u00bb<\/em><em>\u00a0<\/em>e\u00a0<em>\u00abLingua e cultura rumantscha\u00bb<\/em>, le\u00a0consigliere nazionali Anna Giacometti e\u00a0Greta Gysin, copresidenti dell\u2019intergruppo parlamentare\u00a0<em>\u00abITALIANIT\u00c0\u00bb,<\/em> e il consigliere nazionale Laurent Wehrli, presidente di\u00a0<em>Helvetia Latina<\/em>. Questi quattro rappresentanti del Parlamento, intervenuti nelle quattro lingue nazionali, hanno dato un chiaro esempio della ricchezza linguistica della Svizzera. Il loro messaggio \u00e8 stato forte:\u00a0il plurilinguismo non \u00e8 una realt\u00e0 scontata, ma un patrimonio da difendere e che richiede coraggio e decisioni politiche.<\/p>\r\n<p>Nel corso degli interventi hanno delineato le\u00a0sfide attuali del plurilinguismo svizzero, esprimendo la loro preoccupazione per la recente decisione dei Cantoni di\u00a0Zurigo e San Gallo\u00a0di posticipare l\u2019insegnamento del francese nelle scuole. \u00abEliminare le lingue nazionali dai programmi scolastici indebolisce i ponti tra le regioni\u00bb, ha ammonito Laurent Wehrli. I parlamentari e le parlamentari si sono espressi anche sull\u2019iniziativa popolare <em>\u00ab<\/em>200 franchi bastano<em>\u00bb<\/em>, la cui approvazione comporterebbe un forte indebolimento della\u00a0SSR e metterebbe in pericolo la\u00a0diversit\u00e0 dei media e quindi la\u00a0coesione del Paese. \u00abCon una SSR dimezzata, la Svizzera rischia di frammentarsi sul piano linguistico, e questo sarebbe molto pericoloso\u00bb, ha avvertito Martin Candinas.<\/p>\r\n<p>Anche il\u00a0futuro digitale\u00a0\u00e8 stato al centro delle discussioni. \u00abAbbiamo bisogno di una strategia federale aggiornata sul plurilinguismo che tenga conto delle nuove tecnologie\u00bb, ha affermato Greta Gysin. I parlamentari e le parlamentari hanno evidenziato che\u00a0l\u2019intelligenza artificiale non deve contribuire alla scomparsa della diversit\u00e0 linguistica, bens\u00ec al suo rafforzamento. Inoltre \u00e8 stato ribadito che il plurilinguismo necessita di un impegno visibile e concreto in tutti i 26 Cantoni, anche in presenza di limitate risorse finanziarie federali. \u00abLa diversit\u00e0 linguistica rafforza la coesione: ecco perch\u00e9 il plurilinguismo ha bisogno di risorse adeguate\u00bb, ha concluso Anna Giacometti.<\/p>\r\n<p>La\u00a0Giornata del plurilinguismo\u00a0ha dimostrato ancora una volta quanto le nostre lingue siano\u00a0vive e unificanti. Molti e molte parlamentari hanno scelto di intervenire in una lingua nazionale diversa dalla propria e\/o in italiano e romancio. La settima edizione ha cos\u00ec proseguito la linea di successo degli anni precedenti e ha ricordato \u2013 se mai ce ne fosse bisogno \u2013 che\u00a0il plurilinguismo \u00e8 e rimane uno dei tesori pi\u00f9 preziosi della Svizzera.<\/p>","protected":false},"excerpt":{"rendered":"<p>Da sinistra a destra: le consigliere nazionali Greta Gysin e Anna Giacometti, copresidenti del intergruppo parlamentare ITALIANIT\u00c0; il consigliere nazionale Laurent Wehrli, presidente di Helvetia Latina; il consigliere nazionale Martin Candinas, presidente dei intergruppi parlamentari Mehrsprachigkeit CH e Lingua e cultura rumantscha (Foto: Monika Fl\u00fcckiger \/ Forum Helveticum). Il 25 settembre 2025 ha avuto luogo&nbsp;<a class=\"more\" href=\"https:\/\/forum-helveticum.ch\/it\/2025\/10\/giornata-del-plurilinguismo-2025-un-forte-segnale-da-parte-del-parlamento-2\/\">Leggi tutto<\/a><\/p>\n","protected":false},"author":2,"featured_media":16040,"comment_status":"open","ping_status":"closed","sticky":false,"template":"","format":"standard","meta":{"_acf_changed":false,"footnotes":""},"categories":[77,171,159,163,115],"tags":[],"class_list":["post-16077","post","type-post","status-publish","format-standard","has-post-thumbnail","hentry","category-temi","category-cantoni","category-politica","category-confederazione","category-intergruppo-parlamentare"],"acf":[],"_links":{"self":[{"href":"https:\/\/forum-helveticum.ch\/it\/wp-json\/wp\/v2\/posts\/16077","targetHints":{"allow":["GET"]}}],"collection":[{"href":"https:\/\/forum-helveticum.ch\/it\/wp-json\/wp\/v2\/posts"}],"about":[{"href":"https:\/\/forum-helveticum.ch\/it\/wp-json\/wp\/v2\/types\/post"}],"author":[{"embeddable":true,"href":"https:\/\/forum-helveticum.ch\/it\/wp-json\/wp\/v2\/users\/2"}],"replies":[{"embeddable":true,"href":"https:\/\/forum-helveticum.ch\/it\/wp-json\/wp\/v2\/comments?post=16077"}],"version-history":[{"count":0,"href":"https:\/\/forum-helveticum.ch\/it\/wp-json\/wp\/v2\/posts\/16077\/revisions"}],"wp:featuredmedia":[{"embeddable":true,"href":"https:\/\/forum-helveticum.ch\/it\/wp-json\/wp\/v2\/media\/16040"}],"wp:attachment":[{"href":"https:\/\/forum-helveticum.ch\/it\/wp-json\/wp\/v2\/media?parent=16077"}],"wp:term":[{"taxonomy":"category","embeddable":true,"href":"https:\/\/forum-helveticum.ch\/it\/wp-json\/wp\/v2\/categories?post=16077"},{"taxonomy":"post_tag","embeddable":true,"href":"https:\/\/forum-helveticum.ch\/it\/wp-json\/wp\/v2\/tags?post=16077"}],"curies":[{"name":"wp","href":"https:\/\/api.w.org\/{rel}","templated":true}]}}