{"id":11027,"date":"2021-01-26T15:10:03","date_gmt":"2021-01-26T14:10:03","guid":{"rendered":"https:\/\/forum-helveticum.ch\/?p=11027"},"modified":"2021-01-26T15:13:06","modified_gmt":"2021-01-26T14:13:06","slug":"aumento-del-plurilinguismo-in-svizzera","status":"publish","type":"post","link":"https:\/\/forum-helveticum.ch\/it\/2021\/01\/aumento-del-plurilinguismo-in-svizzera\/","title":{"rendered":"Aumento del plurilinguismo in Svizzera"},"content":{"rendered":"<p><em>In Svizzera, oltre i due terzi della popolazione usano regolarmente pi\u00f9 di una lingua. Nel 2019 la quota delle persone plurilingue \u00e8 lievemente aumentata rispetto al 2014. \u00c8 quanto si evince dai primi risultati dell\u2019<a href=\"https:\/\/www.bfs.admin.ch\/bfs\/it\/home\/attualita\/novita-sul-portale.gnpdetail.2020-0199.html\" target=\"_blank\" rel=\"noopener noreferrer\">indagine realizzata dall\u2019Ufficio federale di statistica.<\/a><\/em><\/p>\r\n<p><!--more--><\/p>\r\n<p>&nbsp;<\/p>\r\n<p>In Svizzera, il plurilinguismo non \u00e8 solo inscritto nella Costituzione federale, bens\u00ec \u00e8 anche praticato dalla maggior parte della popolazione. Infatti, oltre due terzi della popolazione (68%, 2014: 64%) usano regolarmente pi\u00f9 di una lingua: il 38% ne utilizza regolarmente due, il 21% tre, il 6,4% quattro e l\u20191,7% cinque o pi\u00f9.<\/p>\r\n<p>Analogamente al 2014, nel 2019 pi\u00f9 di tre quarti della popolazione in Svizzera utilizza regolarmente il tedesco, il 65% lo svizzero tedesco, il 39% il francese, il 15% l\u2019italiano e l\u20191,9% un dialetto ticinese o italo-grigionese. L\u2019inglese \u00e8 di gran lunga la lingua non nazionale usata regolarmente pi\u00f9 diffusa in Svizzera (45%).<\/p>\r\n<p>Tra il 1970 e il 2019, le quote di persone che hanno indicato il tedesco (svizzero tedesco incluso), l\u2019italiano (dialetti ticinesi e italo-grigionesi inclusi) o il romancio come lingua principale sono leggermente diminuite. Al contempo, la quota di persone di lingua francese \u00e8 invece un po\u2019 aumentata.<\/p>\r\n<p>&nbsp;<\/p>\r\n<p><a href=\"https:\/\/forum-helveticum.ch\/wp-content\/uploads\/2021\/01\/gr-i-01.08.01-COMPUTED_THUMBNAIL.png\"><img loading=\"lazy\" decoding=\"async\" class=\"aligncenter wp-image-11028 size-medium\" src=\"https:\/\/forum-helveticum.ch\/wp-content\/uploads\/2021\/01\/gr-i-01.08.01-COMPUTED_THUMBNAIL-700x632.png\" alt=\"Lingue principali\" width=\"700\" height=\"632\" \/><\/a><\/p>\r\n<p>&nbsp;<\/p>\r\n<p><strong>Lingue parlate a casa <\/strong><\/p>\r\n<p>A livello nazionale, a casa della maggior parte delle persone da 0 a 14 anni di et\u00e0 si parla lo svizzero tedesco (57%). Seguono il francese (28%), il tedesco (16%) e l\u2019italiano (8,8%). Anche tra le generazioni pi\u00f9 giovani, la lingua non nazionale pi\u00f9 diffusa \u00e8 l\u2019inglese, con il 7,5%. Alcune delle oltre 70 lingue che vengono parlate a casa sono poi l\u2019albanese (6,7%), il portoghese (4,9%), lo spagnolo (4,9%), il BCMS \u2013 bosniaco, croato, montenegrino o serbo \u2013 (3,8%) e il turco (2,8%).\u00a0<\/p>\r\n<p><strong>Percezione e opinioni riguardo alla situazione linguistica in Svizzera <\/strong><\/p>\r\n<p>La maggior parte della popolazione in Svizzera \u00e8 dell\u2019opinione che conoscere varie lingue nazionali sia importante per la coesione del Paese (84%). La maggioranza delle persone intervistate concorda con le affermazioni \u00abIn Svizzera, come prima lingua straniera gli scolari dovrebbero imparare una lingua nazionale\u00bb e \u00abIl romancio dovrebbe essere promosso maggiormente in Svizzera\u00bb, sebbene l\u2019accordo con la seconda affermazione sia inferiore a quello mostrato per la prima (rispettivamente il 59 e il 75%).<\/p>\r\n<p>Le risposte alla domanda sulla coesione in Svizzera mostrano che le persone provenienti dalle regioni linguistiche pi\u00f9 piccole attribuiscono maggiore importanza alla conoscenza di pi\u00f9 lingue nazionali rispetto alle persone che vivono nella Svizzera tedesco.<\/p>\r\n<p>Anche l\u2019affermazione sull\u2019insegnamento delle lingue straniere ha riscontrato un maggiore consenso nella regione francofona (80%), ma soprattutto in quella italofona (86%), rispetto a quello ricevuto nella regione di lingua tedesca (72%). Nella Svizzera italiana, solo un decimo della popolazione ritiene che a scuola come prima lingua straniera non debba essere insegnata una lingua nazionale, mentre nella Svizzera tedesca tale quota \u00e8 superiore di pi\u00f9 del doppio, ovvero pari al 23%.<\/p>\r\n<p><em><a href=\"https:\/\/www.bfs.admin.ch\/bfs\/it\/home\/attualita\/novita-sul-portale.assetdetail.15324911.html\" target=\"_blank\" rel=\"noopener noreferrer\">L\u2019indagine sulla lingua, la religione e la cultura (ILRC)<\/a>, che fa parte del programma di rilevazione del censimento federale della popolazione, \u00e8 realizzata dall\u2019Ufficio federale di statistica (UST) a cadenza quinquennale dal 2014. Nel 2019 si \u00e8 svolta per la seconda volta.<\/em><\/p>\r\n<p>&nbsp;<\/p>","protected":false},"excerpt":{"rendered":"<p>In Svizzera, oltre i due terzi della popolazione usano regolarmente pi\u00f9 di una lingua. Nel 2019 la quota delle persone plurilingue \u00e8 lievemente aumentata rispetto al 2014. \u00c8 quanto si evince dai primi risultati dell\u2019indagine realizzata dall\u2019Ufficio federale di statistica.<\/p>\n","protected":false},"author":2,"featured_media":11037,"comment_status":"open","ping_status":"closed","sticky":false,"template":"","format":"standard","meta":{"_acf_changed":false,"footnotes":""},"categories":[135,139],"tags":[278,469],"class_list":["post-11027","post","type-post","status-publish","format-standard","has-post-thumbnail","hentry","category-ricerca","category-cultura-societa","tag-statistica","tag-coesione"],"acf":[],"_links":{"self":[{"href":"https:\/\/forum-helveticum.ch\/it\/wp-json\/wp\/v2\/posts\/11027","targetHints":{"allow":["GET"]}}],"collection":[{"href":"https:\/\/forum-helveticum.ch\/it\/wp-json\/wp\/v2\/posts"}],"about":[{"href":"https:\/\/forum-helveticum.ch\/it\/wp-json\/wp\/v2\/types\/post"}],"author":[{"embeddable":true,"href":"https:\/\/forum-helveticum.ch\/it\/wp-json\/wp\/v2\/users\/2"}],"replies":[{"embeddable":true,"href":"https:\/\/forum-helveticum.ch\/it\/wp-json\/wp\/v2\/comments?post=11027"}],"version-history":[{"count":0,"href":"https:\/\/forum-helveticum.ch\/it\/wp-json\/wp\/v2\/posts\/11027\/revisions"}],"wp:featuredmedia":[{"embeddable":true,"href":"https:\/\/forum-helveticum.ch\/it\/wp-json\/wp\/v2\/media\/11037"}],"wp:attachment":[{"href":"https:\/\/forum-helveticum.ch\/it\/wp-json\/wp\/v2\/media?parent=11027"}],"wp:term":[{"taxonomy":"category","embeddable":true,"href":"https:\/\/forum-helveticum.ch\/it\/wp-json\/wp\/v2\/categories?post=11027"},{"taxonomy":"post_tag","embeddable":true,"href":"https:\/\/forum-helveticum.ch\/it\/wp-json\/wp\/v2\/tags?post=11027"}],"curies":[{"name":"wp","href":"https:\/\/api.w.org\/{rel}","templated":true}]}}