{"id":9467,"date":"2022-05-14T08:10:18","date_gmt":"2022-05-14T06:10:18","guid":{"rendered":"https:\/\/forum-helveticum.ch\/?p=9467"},"modified":"2024-02-29T17:00:50","modified_gmt":"2024-02-29T16:00:50","slug":"exposition-itinerante-helvetismes-specialites-linguistiques","status":"publish","type":"post","link":"https:\/\/forum-helveticum.ch\/fr\/2022\/05\/exposition-itinerante-helvetismes-specialites-linguistiques\/","title":{"rendered":"Exposition itin\u00e9rante \u00abHelv\u00e9tismes \u2013 Sp\u00e9cialit\u00e9s linguistiques\u00bb"},"content":{"rendered":"<p>Au r\u00e9veil, nous buvons un <em>ristretto<\/em> avec quelques <em>zwiebacks<\/em> avant d\u2019enfiler une <em>jaquette<\/em> s\u2019il fait un peu <em>cru<\/em> dehors. Outre-Sarine, on marche sur un <em>Trottoir<\/em> et on ach\u00e8te des <em>Zucchetti<\/em>, tandis qu\u2019au Tessin, on mange des <em>wienerli<\/em> et on utilise une <em>bouillotte<\/em>\u00a0pour se r\u00e9chauffer.\u00a0<!--more--><\/p>\r\n<p>Variantes typiquement suisses de l\u2019allemand, du fran\u00e7ais ou de l\u2019italien, les helv\u00e9tismes r\u00e9v\u00e8lent la diversit\u00e9 linguistique suisse et les influences r\u00e9ciproques des langues nationales. Cette richesse se refl\u00e8te aussi dans la litt\u00e9rature\u00a0; Friedrich D\u00fcrrenmatt a d\u2019ailleurs lui-m\u00eame utilis\u00e9 de nombreux helv\u00e9tismes dans ses \u00e9crits et dans certaines de ses caricatures.<\/p>\r\n<p>Par le biais d\u2019un concours pour \u00e9lire ses helv\u00e9tismes pr\u00e9f\u00e9r\u00e9s, un jeu ou des vid\u00e9os de performances de spoken-word, l\u2019exposition \u00ab\u00a0Helv\u00e9tismes \u2013 Sp\u00e9cialit\u00e9s linguistiques\u00a0\u00bb enjambe all\u00e9grement le r\u00f6stigraben pour promouvoir la compr\u00e9hension entre les diff\u00e9rentes communaut\u00e9s linguistiques suisses. Dot\u00e9e d\u2019une sc\u00e9nographie ludique et participative, elle s\u2019adresse \u00e0 tous les publics, de neuf \u00e0 nonante-neuf ans.<\/p>\r\n<p><img loading=\"lazy\" decoding=\"async\" class=\"alignnone size-medium wp-image-13586\" src=\"https:\/\/forum-helveticum.ch\/wp-content\/uploads\/2023\/02\/helvetismes-carte-CDN-700x459.png\" alt=\"\" width=\"700\" height=\"459\" \/><\/p>\r\n<p>Carte de l\u2019exposition \u00ab Helv\u00e9tismes \u2013 Sp\u00e9cialit\u00e9s linguistiques \u00bb, CDN. <br \/>\r\n<small class=\"copyright\">\u00a9 Graphisme: kong.ch<\/small><\/p>\r\n<p>R\u00e9alis\u00e9e par le Centre D\u00fcrrenmatt Neuch\u00e2tel, en collaboration avec le Forum Helveticum et avec le soutien du Centre de dialectologie et d\u2019\u00e9tude du fran\u00e7ais r\u00e9gional de l\u2019Universit\u00e9 de Neuch\u00e2tel, du Forum du bilinguisme, de l\u2019Osservatorio linguistico della Svizzera italiana et du Schweizerischer Verein f\u00fcr die deutsche Sprache, l\u2019exposition itin\u00e9rante \u00abHelv\u00e9tismes \u2013 Sp\u00e9cialit\u00e9s linguistiques\u00bb a \u00e9t\u00e9 montr\u00e9e avec succ\u00e8s au Centre D\u00fcrrenmatt Neuch\u00e2tel du 14 avril au 21 juillet 2019.<\/p>\r\n<p>De fin 2019 \u00e0 fin 2023, le Forum Helveticum et le Forum du bilinguisme se sont associ\u00e9s pour porter l\u2019exposition sur l\u2019ensemble du territoire suisse en collaboration avec diverses institutions d\u2019accueil.<\/p>\r\n<p>Les stations de l&rsquo;exposition itin\u00e9rante :<\/p>\r\n<ul>\r\n\t<li>Mus\u00e9e Gr\u00fctli, Gr\u00fctli (UR) \/ 14 mai 2022 &#8211; 13 novembre 2022 et 15 mai 2023 &#8211; 15 octobre 2023 \/ <a href=\"https:\/\/sgg-ssup.ch\/sozialer-zusammenhalt\/ruetli\/musee-gruetli\/\" target=\"_blank\" rel=\"noopener\">sgg-ssup.ch\/musee-gruetli<\/a><\/li>\r\n\t<li>Lyc\u00e9e Blaise-Cendrars, La Chaux de Fonds \/ 10 mars 2022 &#8211; 6 mai 2022 \/ <a href=\"https:\/\/www.lelbc.ch\/wordpress\/?p=3797\" target=\"_blank\" rel=\"noopener\">www.lelbc.ch<\/a><\/li>\r\n\t<li>Haute \u00e9cole p\u00e9dagogique Chur \/ 19 janvier 2022 &#8211; 23 f\u00e9vrier 2022 (annul\u00e9 en raison du Covid-19)<\/li>\r\n\t<li>Haute \u00e9cole p\u00e9dagogique Z\u00fcrich \/ 13 octobre 2021 &#8211; 10 novembre 2021 \/ <a href=\"https:\/\/phzh.ch\/de\/ueber-uns\/Veranstaltungen\/veranstaltung\/Ausstellung-Helvetismen-v144482162.html\">www.phzh.ch<\/a><\/li>\r\n\t<li>Lyc\u00e9e St. Antonius Appenzell \/ 15 novembre &#8211; 17 d\u00e9cembre 2021 \/ <a href=\"https:\/\/gymnasium.ai.ch\/nuetzliches\/termine\/ausstellung-helvetismen-sprachspezialitaeten\" target=\"_blank\" rel=\"noopener noreferrer\">gymnasium.ai.ch<\/a><\/li>\r\n\t<li>Ch\u00e2teau d&rsquo;Aigle \/ 19 mai 2021 &#8211; 3 octobre 2021 \/ <a href=\"https:\/\/chateauaigle.ch\/actualites\/\" target=\"_blank\" rel=\"noopener\">chateauaigle.ch<\/a><\/li>\r\n\t<li>Polit-Forum Berne \/ 19 janvier 2021 &#8211; 19 mars 2021 (annul\u00e9 en raison du Covid-19)<\/li>\r\n\t<li>Biblioth\u00e8que cantonale de Bellinzona \/ 12 novembre 2020 &#8211; 21 d\u00e9cembre 2020 (a pris fin pr\u00e9matur\u00e9ment en raison du Covid-19) \/ <a href=\"https:\/\/www.sbt.ti.ch\/all\/evento\/45553.pdf\" target=\"_blank\" rel=\"noopener noreferrer\">www.sbt.ti.ch\/bcb<\/a><\/li>\r\n\t<li>Kantonsschule Zug \/ 17 ao\u00fbt \u2013 30 septembre 2020 \/ <a href=\"https:\/\/www.zg.ch\/behoerden\/direktion-fur-bildung-und-kultur\/ksz\/dokumente\/veranstaltungen\/helvetismen-die-wanderausstellung-gastiert-an-der-kantonsschule-zug\" target=\"_blank\" rel=\"noopener noreferrer\">www.zg.ch\/ksz<\/a><\/li>\r\n\t<li>Museum des Landes Glarus, N\u00e4fels \/ 11 mai &#8211; 9 ao\u00fbt 2020 \/ <a href=\"http:\/\/www.freulerpalast.ch\">freulerpalast.ch<\/a><\/li>\r\n\t<li>M\u00e9diath\u00e8que Wallis, Lieu de Sion \/ 7 f\u00e9vrier 2020 &#8211; 26 mars 2020 (a pris fin pr\u00e9matur\u00e9ment en raison du Covid-19) \/ <a href=\"https:\/\/www.mediatheque.ch\/\" target=\"_blank\" rel=\"noopener noreferrer\">www.mediatheque.ch<\/a><\/li>\r\n\t<li>M\u00e9diath\u00e8que Valais, Lieu de Brigue \/ 6 d\u00e9cembre 2019 &#8211; 1 f\u00e9vrier 2020 \/ <a href=\"https:\/\/www.mediatheque.ch\/\" target=\"_blank\" rel=\"noopener noreferrer\">www.mediatheque.ch<\/a><\/li>\r\n\t<li>Haut \u00e9cole p\u00e9dagogique, St-Gall \/ 7 novembre &#8211; 29 novembre 2019 \/ <a href=\"http:\/\/www.phsg.ch\" target=\"_blank\" rel=\"noopener noreferrer\">www.phsg.ch<\/a><\/li>\r\n\t<li>Centre D\u00fcrrenmatt, Neuch\u00e2tel \/ 15 avril &#8211; 21 juillet 2019 \/ <a href=\"https:\/\/www.cdn.ch\/cdn\/de\/home\/visiter\/ausstellungen\/alle-ausstellungen\/ausstellungen-2019\/helvetismes.html\" target=\"_blank\" rel=\"noopener noreferrer\">www.cdn.ch<\/a><\/li>\r\n<\/ul>\r\n<p>Informations : Andrea Kleinert, Directrice Forum Helveticum, <a href=\"mailto:info@forum-helveticum.ch\">info@forum-helveticum.ch<\/a> ou T 062\u00a0888 01 25<\/p>\r\n<p>Avec le soutien de:<\/p>\r\n<p><a href=\"https:\/\/forum-helveticum.ch\/wp-content\/uploads\/2019\/09\/Logos_Helvetismen_TOTAL_FR-e1576750913523.png\"><img loading=\"lazy\" decoding=\"async\" class=\"alignnone size-medium wp-image-9716\" src=\"https:\/\/forum-helveticum.ch\/wp-content\/uploads\/2019\/09\/Logos_Helvetismen_TOTAL_FR-700x94.png\" alt=\"\" width=\"700\" height=\"94\" \/><\/a><\/p>","protected":false},"excerpt":{"rendered":"<p>Au r\u00e9veil, nous buvons un ristretto avec quelques zwiebacks avant d\u2019enfiler une jaquette s\u2019il fait un peu cru dehors. Outre-Sarine, on marche sur un Trottoir et on ach\u00e8te des Zucchetti, tandis qu\u2019au Tessin, on mange des wienerli et on utilise une bouillotte\u00a0pour se r\u00e9chauffer.\u00a0<\/p>\n","protected":false},"author":2,"featured_media":9874,"comment_status":"open","ping_status":"closed","sticky":false,"template":"","format":"standard","meta":{"_acf_changed":false,"footnotes":""},"categories":[509,126,138],"tags":[328,334,378,391,424,454,468,477,495],"class_list":["post-9467","post","type-post","status-publish","format-standard","has-post-thumbnail","hentry","category-helvetismes","category-education-fr","category-culture-societe","tag-plurilinguisme","tag-roestigraben-fr","tag-echange","tag-minorite","tag-comprehension","tag-culture-fr","tag-cohesion","tag-territorialite","tag-forum-helveticum-fr"],"acf":[],"_links":{"self":[{"href":"https:\/\/forum-helveticum.ch\/fr\/wp-json\/wp\/v2\/posts\/9467","targetHints":{"allow":["GET"]}}],"collection":[{"href":"https:\/\/forum-helveticum.ch\/fr\/wp-json\/wp\/v2\/posts"}],"about":[{"href":"https:\/\/forum-helveticum.ch\/fr\/wp-json\/wp\/v2\/types\/post"}],"author":[{"embeddable":true,"href":"https:\/\/forum-helveticum.ch\/fr\/wp-json\/wp\/v2\/users\/2"}],"replies":[{"embeddable":true,"href":"https:\/\/forum-helveticum.ch\/fr\/wp-json\/wp\/v2\/comments?post=9467"}],"version-history":[{"count":0,"href":"https:\/\/forum-helveticum.ch\/fr\/wp-json\/wp\/v2\/posts\/9467\/revisions"}],"wp:featuredmedia":[{"embeddable":true,"href":"https:\/\/forum-helveticum.ch\/fr\/wp-json\/wp\/v2\/media\/9874"}],"wp:attachment":[{"href":"https:\/\/forum-helveticum.ch\/fr\/wp-json\/wp\/v2\/media?parent=9467"}],"wp:term":[{"taxonomy":"category","embeddable":true,"href":"https:\/\/forum-helveticum.ch\/fr\/wp-json\/wp\/v2\/categories?post=9467"},{"taxonomy":"post_tag","embeddable":true,"href":"https:\/\/forum-helveticum.ch\/fr\/wp-json\/wp\/v2\/tags?post=9467"}],"curies":[{"name":"wp","href":"https:\/\/api.w.org\/{rel}","templated":true}]}}