{"id":16075,"date":"2025-10-15T09:17:18","date_gmt":"2025-10-15T07:17:18","guid":{"rendered":"https:\/\/forum-helveticum.ch\/?p=16075"},"modified":"2025-10-15T09:45:12","modified_gmt":"2025-10-15T07:45:12","slug":"journee-du-plurilinguisme-2025-un-signal-fort-de-la-part-du-parlement","status":"publish","type":"post","link":"https:\/\/forum-helveticum.ch\/fr\/2025\/10\/journee-du-plurilinguisme-2025-un-signal-fort-de-la-part-du-parlement\/","title":{"rendered":"Journ\u00e9e du plurilinguisme 2025\u00a0: un signal fort de la part du Parlement"},"content":{"rendered":"<p><em><sup>De gauche \u00e0 droite : les <\/sup><\/em><em><sup>Conseill\u00e8res nationales <\/sup><\/em><em><sup>Greta Gysin et Anna Giacometti, copr\u00e9sidentes de l&rsquo;intergroupe parlementaire ITALIANIT\u00c0 <\/sup><\/em><em><sup>; le C<\/sup><\/em><em><sup>onseiller national <\/sup><\/em><em><sup>Laurent Wehrli, pr\u00e9sident d&rsquo;Helvetia Latina ; le Conseiller national Martin Candinas, pr\u00e9sident des intergroupes parlementaires Mehrsprachigkeit CH et Lingua e cultura rumantscha (photo : Monika Fl\u00fcckiger \/ Forum Helveticum).<\/sup><\/em><\/p>\r\n<p>Lors de la 7<sup>\u00e8me<\/sup> \u00e9dition de la Journ\u00e9e du plurilinguisme, qui a eu lieu le 25 septembre 2025, Helvetia Latina ainsi que les intergroupes parlementaires \u00ab\u00a0Plurilinguisme CH\u00a0\u00bb (dont le secr\u00e9tariat est assur\u00e9 par le Forum Helveticum), \u00ab\u00a0ITALIANIT\u00c0\u00a0\u00bb et \u00ab\u00a0Lingua e cultura rumantscha\u00a0\u00bb ont organis\u00e9 une conf\u00e9rence de presse qui a permis de mettre en lumi\u00e8re les d\u00e9fis actuels de la politique linguistique en Suisse. Ils ont \u00e9galement invit\u00e9 les parlementaires et les repr\u00e9sentantes et repr\u00e9sentants des institutions engag\u00e9es pour les langues nationales et le plurilinguisme \u00e0 \u00e9changer autour du d\u00e9sormais traditionnel ap\u00e9ritif organis\u00e9 \u00e0 la Galerie des Alpes.<\/p>\r\n<p><!--more--><\/p>\r\n<p>\u00c0 la conf\u00e9rence de presse ont pris part le Conseiller national Martin Candinas, pr\u00e9sident des intergroupes parlementaires \u00ab\u00a0Plurilinguisme CH\u00a0\u00bb et \u00ab\u00a0Lingua e cultura rumantscha\u00a0\u00bb, les Conseill\u00e8res nationales Anna Giacometti et Greta Gysin, copr\u00e9sidentes de l\u2019intergroupe parlementaire \u00ab\u00a0ITALIANIT\u00c0\u00a0\u00bb, ainsi que Laurent Wehrli, Conseiller national et pr\u00e9sident d&rsquo;Helvetia Latina. Ces quatre parlementaires, qui se sont exprim\u00e9\u2219e\u2219s dans les quatre langues nationales, ont donn\u00e9 un bel exemple de la richesse linguistique de la Suisse. Leur message \u00e9tait clair\u00a0: le plurilinguisme ne va pas de soi, il a besoin d&rsquo;\u00eatre prot\u00e9g\u00e9, il demande du courage et des d\u00e9cisions politiques.<\/p>\r\n<p>Ils et elles ont \u00e9galement \u00e9voqu\u00e9 les d\u00e9fis actuels auxquels est confront\u00e9 le plurilinguisme suisse et ont notamment fait part de leur inqui\u00e9tude quant \u00e0 la r\u00e9cente d\u00e9cision des cantons de Zurich et de Saint-Gall de repousser l\u2019enseignement du fran\u00e7ais. \u00ab\u00a0Supprimer les langues nationales des programmes scolaires affaiblit les ponts entre les r\u00e9gions\u00a0\u00bb, a averti Laurent Wehrli. Les quatre parlementaires se sont \u00e9galement exprim\u00e9\u2219e\u2219s sur l\u2019initiative populaire \u00ab\u00a0200 francs, \u00e7a suffit\u00a0\u00bb, dont l\u2019adoption affaiblirait consid\u00e9rablement la SRR et mettrait en p\u00e9ril la diversit\u00e9 des m\u00e9dias, et donc la coh\u00e9sion du pays. \u00ab\u00a0Avec une SSR r\u00e9duite de moiti\u00e9, la Suisse risque de se d\u00e9sagr\u00e9ger sur le plan linguistique, ce qui serait tr\u00e8s dangereux\u00a0\u00bb, a mis en garde Martin Candinas.<\/p>\r\n<p>L&rsquo;avenir num\u00e9rique a \u00e9galement \u00e9t\u00e9 au centre des discussions. \u00ab\u00a0Nous avons besoin d\u2019une strat\u00e9gie f\u00e9d\u00e9rale actualis\u00e9e en mati\u00e8re de plurilinguisme, qui tienne compte des nouvelles technologies\u00a0\u00bb, a d\u00e9clar\u00e9 Greta Gysin. Les quatre parlementaires ont soulign\u00e9 que l\u2019intelligence artificielle ne devait pas contribuer \u00e0 la disparition de la diversit\u00e9 linguistique, mais au contraire au renforcement de cette derni\u00e8re. Ils et elles ont \u00e9galement rappel\u00e9 que le plurilinguisme n\u00e9cessite un engagement clair et visible dans les 26 cantons, et ce malgr\u00e9 les finances f\u00e9d\u00e9rales limit\u00e9es\u00a0: \u00ab La diversit\u00e9 linguistique renforce la coh\u00e9sion\u00a0: c\u2019est pourquoi le plurilinguisme a besoin de ressources suffisantes \u00bb, a rappel\u00e9 Anna Giacometti.<\/p>\r\n<p>La Journ\u00e9e du plurilinguisme a montr\u00e9 une fois de plus \u00e0 quel point nos langues sont vivantes et f\u00e9d\u00e9ratrices. De nombreux et nombreuses parlementaires ont pris la parole dans une langue nationale autre que la leur et\/ou en italien et en romanche. La septi\u00e8me \u00e9dition a ainsi renou\u00e9 avec le succ\u00e8s des ann\u00e9es pr\u00e9c\u00e9dentes et rappel\u00e9, si besoin \u00e9tait, que le plurilinguisme est et reste l\u2019un des tr\u00e9sors les plus pr\u00e9cieux de la Suisse.<\/p>","protected":false},"excerpt":{"rendered":"<p>De gauche \u00e0 droite : les Conseill\u00e8res nationales Greta Gysin et Anna Giacometti, copr\u00e9sidentes de l&rsquo;intergroupe parlementaire ITALIANIT\u00c0 ; le Conseiller national Laurent Wehrli, pr\u00e9sident d&rsquo;Helvetia Latina ; le Conseiller national Martin Candinas, pr\u00e9sident des intergroupes parlementaires Mehrsprachigkeit CH et Lingua e cultura rumantscha (photo : Monika Fl\u00fcckiger \/ Forum Helveticum). Lors de la 7\u00e8me&nbsp;<a class=\"more\" href=\"https:\/\/forum-helveticum.ch\/fr\/2025\/10\/journee-du-plurilinguisme-2025-un-signal-fort-de-la-part-du-parlement\/\">Plus<\/a><\/p>\n","protected":false},"author":2,"featured_media":16039,"comment_status":"open","ping_status":"closed","sticky":false,"template":"","format":"standard","meta":{"_acf_changed":false,"footnotes":""},"categories":[73,170,114,158,162],"tags":[],"class_list":["post-16075","post","type-post","status-publish","format-standard","has-post-thumbnail","hentry","category-themes","category-cantons","category-intergroupe-parlementaire","category-politique","category-confederation"],"acf":[],"_links":{"self":[{"href":"https:\/\/forum-helveticum.ch\/fr\/wp-json\/wp\/v2\/posts\/16075","targetHints":{"allow":["GET"]}}],"collection":[{"href":"https:\/\/forum-helveticum.ch\/fr\/wp-json\/wp\/v2\/posts"}],"about":[{"href":"https:\/\/forum-helveticum.ch\/fr\/wp-json\/wp\/v2\/types\/post"}],"author":[{"embeddable":true,"href":"https:\/\/forum-helveticum.ch\/fr\/wp-json\/wp\/v2\/users\/2"}],"replies":[{"embeddable":true,"href":"https:\/\/forum-helveticum.ch\/fr\/wp-json\/wp\/v2\/comments?post=16075"}],"version-history":[{"count":0,"href":"https:\/\/forum-helveticum.ch\/fr\/wp-json\/wp\/v2\/posts\/16075\/revisions"}],"wp:featuredmedia":[{"embeddable":true,"href":"https:\/\/forum-helveticum.ch\/fr\/wp-json\/wp\/v2\/media\/16039"}],"wp:attachment":[{"href":"https:\/\/forum-helveticum.ch\/fr\/wp-json\/wp\/v2\/media?parent=16075"}],"wp:term":[{"taxonomy":"category","embeddable":true,"href":"https:\/\/forum-helveticum.ch\/fr\/wp-json\/wp\/v2\/categories?post=16075"},{"taxonomy":"post_tag","embeddable":true,"href":"https:\/\/forum-helveticum.ch\/fr\/wp-json\/wp\/v2\/tags?post=16075"}],"curies":[{"name":"wp","href":"https:\/\/api.w.org\/{rel}","templated":true}]}}