{"id":16096,"date":"2025-10-15T11:13:24","date_gmt":"2025-10-15T09:13:24","guid":{"rendered":"https:\/\/forum-helveticum.ch\/?p=16096"},"modified":"2025-10-15T11:15:12","modified_gmt":"2025-10-15T09:15:12","slug":"die-ausgabe-2026-von-linguissimo-ist-lanciert","status":"publish","type":"post","link":"https:\/\/forum-helveticum.ch\/de\/2025\/10\/die-ausgabe-2026-von-linguissimo-ist-lanciert\/","title":{"rendered":"Die Ausgabe 2026 von LINGUISSIMO ist lanciert!"},"content":{"rendered":"<p>Die neuste Ausgabe des Schreibwettbewerbs <a href=\"https:\/\/linguissimo.ch\/de\/home-2\/\">Linguissimo<\/a>, der seit 2008 vom Forum Helveticum organisiert wird, ist lanciert! Bereits zum 18. Mal l\u00e4dt das Forum Helveticum Jugendliche zwischen 16 und 21 Jahren ein, am mehrsprachigen Wettbewerb teilzunehmen. Das diesj\u00e4hrige Thema ist \u00ab<strong>Einen Ausweg finden<\/strong>\u00bb.<\/p>\r\n<p><!--more--><\/p>\r\n<p>Der Wettbewerb <a href=\"https:\/\/linguissimo.ch\/de\/home-2\/\">Linguissimo<\/a> richtet sich an Jugendliche zwischen 16 und 21 Jahren und an Schulklassen der Sekundarstufe II in der ganzen Schweiz.<\/p>\r\n<p>Um am Wettbewerb teilnehmen zu k\u00f6nnen, verfassen die Jugendlichen <strong>zwei Texte<\/strong> in zwei verschiedenen Landessprachen. Im ersten Text geht es ums Thema \u00ab<strong>Einen Ausweg finden<\/strong>\u00bb. Wenn die Verfasserinnen und Verfasser m\u00f6chten, d\u00fcrfen sie sich dabei auf einen speziellen Ort in der Schweiz beziehen \u2013 ihr Text wird dann eventuell auf der <a href=\"https:\/\/linguissimo.ch\/de\/home-2\/#homemap\">interaktiven Karte<\/a> des Wettbewerbs publiziert. Bez\u00fcglich Genre ist alles erlaubt: Fiktion, Beschreibung, Poesie\u2026 Der zweite k\u00fcrzere Text handelt von einer pers\u00f6nlichen Erfahrung mit Fremdsprachen oder Mehrsprachigkeit.<\/p>\r\n<p>Die Verfasser und Verfasserinnen der 30 kreativsten Beitr\u00e4ge werden zum <strong>Finale<\/strong> eingeladen, das dieses Mal in <b>Burgdorf <\/b>stattfindet. Im Finale stehen Begegnung und Sprachaustausch im Vordergrund: Die Teilnehmerinnen und Teilnehmer verfassen \u2013 gemeinsam mit einem\/einer anderssprachigen Jugendlichen und mit Hilfe von Autorinnen und Autoren aus allen vier Sprachregionen \u2013 eine kurze Geschichte, die sie anschliessend der Jury und den anderen Teilnehmerinnen und Teilnehmern pr\u00e4sentieren. Die drei besten Tandems gewinnen Einkaufsgutscheine in verschiedenen Gesch\u00e4ften und\/oder Eintritte in die sch\u00f6nsten Museen der Schweiz im Gesamtwert von CHF 1&#8217;800.-.<\/p>\r\n<p><strong>Fristen\u00a0\u00a0\u00a0\u00a0\u00a0\u00a0\u00a0\u00a0\u00a0\u00a0\u00a0\u00a0\u00a0\u00a0\u00a0\u00a0\u00a0\u00a0\u00a0\u00a0\u00a0\u00a0\u00a0\u00a0\u00a0\u00a0\u00a0\u00a0\u00a0\u00a0\u00a0\u00a0\u00a0\u00a0\u00a0\u00a0\u00a0\u00a0\u00a0\u00a0\u00a0\u00a0\u00a0\u00a0\u00a0\u00a0\u00a0\u00a0\u00a0\u00a0\u00a0\u00a0\u00a0\u00a0\u00a0\u00a0\u00a0\u00a0\u00a0\u00a0\u00a0\u00a0\u00a0\u00a0\u00a0\u00a0\u00a0\u00a0\u00a0\u00a0\u00a0\u00a0\u00a0\u00a0\u00a0\u00a0\u00a0\u00a0\u00a0\u00a0\u00a0\u00a0\u00a0\u00a0\u00a0\u00a0\u00a0\u00a0\u00a0\u00a0\u00a0\u00a0\u00a0\u00a0\u00a0\u00a0\u00a0\u00a0\u00a0\u00a0 <\/strong><\/p>\r\n<ul>\r\n\t<li>Anmeldeschluss: <strong>31. Januar 2026\u00a0 \u00a0 \u00a0<\/strong>\u00a0\u00a0\u00a0\u00a0\u00a0\u00a0\u00a0\u00a0\u00a0\u00a0\u00a0\u00a0\u00a0\u00a0\u00a0\u00a0\u00a0\u00a0\u00a0\u00a0\u00a0\u00a0\u00a0\u00a0\u00a0\u00a0\u00a0\u00a0\u00a0\u00a0\u00a0\u00a0\u00a0\u00a0\u00a0\u00a0\u00a0\u00a0\u00a0\u00a0\u00a0\u00a0\u00a0\u00a0\u00a0<\/li>\r\n\t<li>Abgabetermin f\u00fcr die Beitr\u00e4ge: <strong>15. Februar 2026<\/strong><\/li>\r\n<\/ul>\r\n<p>\u00a0Online-Anmeldung: <a href=\"https:\/\/linguissimo.ch\/de\/formulaire-inscription-de\/\">Klicken Sie hier<\/a>.<\/p>\r\n<p><strong>Ziele<\/strong><\/p>\r\n<p>Mit Linguissimo will das Forum Helveticum die Verst\u00e4ndigung und den Austausch zwischen jungen Menschen aus den verschiedenen Sprachregionen unseres Landes f\u00f6rdern, ihr Interesse an der Schweizer Mehrsprachigkeit wecken und sie zur Anwendung der Landessprachen motivieren.<\/p>\r\n<p>Der Wettbewerb steht allen Jugendlichen zwischen 16 und 21 Jahren offen, ist aber besonders f\u00fcr Klassen der Sekundarstufe II geeignet. Er bietet Lehrpersonen die Gelegenheit, mit ihren Sch\u00fclerinnen und Sch\u00fclern die Frage der Mehrsprachigkeit in der Schweiz zu er\u00f6rtern. Alle Klassen, die sich f\u00fcr den Wettbewerb anmelden, nehmen an der Verlosung teil, bei der eine Klasse einen Preis von CHF 500.\u2013 gewinnt.<\/p>\r\n<p><sup>Bild: Pixabay<\/sup><\/p>","protected":false},"excerpt":{"rendered":"<p>Die neuste Ausgabe des Schreibwettbewerbs Linguissimo, der seit 2008 vom Forum Helveticum organisiert wird, ist lanciert! Bereits zum 18. Mal l\u00e4dt das Forum Helveticum Jugendliche zwischen 16 und 21 Jahren ein, am mehrsprachigen Wettbewerb teilzunehmen. Das diesj\u00e4hrige Thema ist \u00abEinen Ausweg finden\u00bb.<\/p>\n","protected":false},"author":2,"featured_media":16092,"comment_status":"open","ping_status":"closed","sticky":false,"template":"","format":"standard","meta":{"_acf_changed":false,"footnotes":""},"categories":[63,6,21,12],"tags":[],"class_list":["post-16096","post","type-post","status-publish","format-standard","has-post-thumbnail","hentry","category-themen","category-bildung","category-linguissimo","category-projekte"],"acf":[],"_links":{"self":[{"href":"https:\/\/forum-helveticum.ch\/de\/wp-json\/wp\/v2\/posts\/16096","targetHints":{"allow":["GET"]}}],"collection":[{"href":"https:\/\/forum-helveticum.ch\/de\/wp-json\/wp\/v2\/posts"}],"about":[{"href":"https:\/\/forum-helveticum.ch\/de\/wp-json\/wp\/v2\/types\/post"}],"author":[{"embeddable":true,"href":"https:\/\/forum-helveticum.ch\/de\/wp-json\/wp\/v2\/users\/2"}],"replies":[{"embeddable":true,"href":"https:\/\/forum-helveticum.ch\/de\/wp-json\/wp\/v2\/comments?post=16096"}],"version-history":[{"count":0,"href":"https:\/\/forum-helveticum.ch\/de\/wp-json\/wp\/v2\/posts\/16096\/revisions"}],"wp:featuredmedia":[{"embeddable":true,"href":"https:\/\/forum-helveticum.ch\/de\/wp-json\/wp\/v2\/media\/16092"}],"wp:attachment":[{"href":"https:\/\/forum-helveticum.ch\/de\/wp-json\/wp\/v2\/media?parent=16096"}],"wp:term":[{"taxonomy":"category","embeddable":true,"href":"https:\/\/forum-helveticum.ch\/de\/wp-json\/wp\/v2\/categories?post=16096"},{"taxonomy":"post_tag","embeddable":true,"href":"https:\/\/forum-helveticum.ch\/de\/wp-json\/wp\/v2\/tags?post=16096"}],"curies":[{"name":"wp","href":"https:\/\/api.w.org\/{rel}","templated":true}]}}