{"id":16070,"date":"2025-10-15T09:17:18","date_gmt":"2025-10-15T07:17:18","guid":{"rendered":"https:\/\/forum-helveticum.ch\/?p=16070"},"modified":"2025-10-15T09:41:48","modified_gmt":"2025-10-15T07:41:48","slug":"tag-der-mehrsprachigkeit-2025-ein-starkes-signal-aus-dem-parlament-2","status":"publish","type":"post","link":"https:\/\/forum-helveticum.ch\/de\/2025\/10\/tag-der-mehrsprachigkeit-2025-ein-starkes-signal-aus-dem-parlament-2\/","title":{"rendered":"Tag der Mehrsprachigkeit 2025: Ein starkes Signal aus dem Parlament"},"content":{"rendered":"<p><sup><em>Von links nach rechts: Nationalr\u00e4tinnen Greta Gysin und Anna Giacometti, Co-Pr\u00e4sidentinnen der parlamentarischen Gruppe ITALIANIT\u00c0; Nationalrat Laurent Wehrli, Pr\u00e4sident von Helvetia Latina; Nationalrat Martin Candinas, Pr\u00e4sident der parlamentarischen Gruppen Mehrsprachigkeit CH und Lingua e cultura rumantscha (Bild: Monika Fl\u00fcckiger \/ Forum Helveticum).<\/em><\/sup><\/p>\r\n<p>Helvetia Latina sowie die parlamentarischen Gruppen \u00abMehrsprachigkeit CH\u00bb (deren Sekretariat vom Forum Helveticum gef\u00fchrt wird), \u00abITALIANIT\u00c0\u00bb und \u00abLingua e cultura rumantscha\u00bb luden zur siebten Ausgabe ein. Die eigens organisierte Pressekonferenz bot eine wertvolle Gelegenheit, aktuelle Herausforderungen der schweizerischen Sprachpolitik ins Scheinwerferlicht zu r\u00fccken. Der traditionelle Ap\u00e9ro am Tag der Mehrsprachigkeit erwies sich erneut als lebendiger Treffpunkt f\u00fcr den Austausch zwischen Parlamentarierinnen und Parlamentariern sowie Vertreterinnen und Vertretern, denen die Mehrsprachigkeit ein besonderes Anliegen ist.<\/p>\r\n<p><!--more--><\/p>\r\n<p>Auf dem Podium sassen mit NR Martin Candinas, Pr\u00e4sident der parlamentarischen Gruppen \u00abMehrsprachigkeit CH\u00bb und \u00abLingua e cultura rumantscha\u00bb, die Nationalr\u00e4tinnen Anna Giacometti und Greta Gysin, Co-Pr\u00e4sidentinnen der parlamentarischen Gruppe \u00abITALIANIT\u00c0\u00bb, sowie Nationalrat Laurent Wehrli, Pr\u00e4sident von Helvetia Latina, vier profilierte Stimmen, die jeder und jede in der eigenen Sprache sprach, ein eindr\u00fcckliches Bild gelebter Vielfalt. Ihre Botschaft war klar: Mehrsprachigkeit ist kein Selbstl\u00e4ufer, sondern braucht Schutz, Mut und politische Entscheidungen.<\/p>\r\n<p>Gleichzeitig skizzierten sie die aktuellen Herausforderungen f\u00fcr den schweizerischen Plurilinguismus. Mit Sorge sprachen die Teilnehmenden auch \u00fcber die j\u00fcngste Entscheidung der Kantone Z\u00fcrich und St. Gallen, den Franz\u00f6sischunterricht hinauszuschieben. \u00abWer Landessprachen aus dem Stundenplan streicht, schw\u00e4cht die Br\u00fccken zwischen die Regionen\u00bb, mahnte Laurent Wehrli. Deutliche Worte fanden die Rednerinnen und Redner auch zur \u00abVolksinitiative 200-Fr. sind genug\u00bb: Eine Annahme w\u00fcrde die SRG in ihrer heutigen Form beenden und die Medienvielfalt, und damit den Zusammenhalt des Landes, gef\u00e4hrden. \u00abMit einer halbierten SRG droht die Schweiz sprachlich auseinanderzufallen, das w\u00e4re ein gef\u00e4hrliches Experiment\u00bb, warnte Martin Candinas.<\/p>\r\n<p>Auch die digitale Zukunft stand im Fokus. \u00abWir brauchen eine aktualisierte Strategie des Bundes zur Mehrsprachigkeit, die den neuen Technologien Rechnung tr\u00e4gt\u00bb, forderte Greta Gysin. Die Teilnehmenden betonten, dass K\u00fcnstliche Intelligenz nicht zur Verdr\u00e4ngung, sondern zur St\u00e4rkung der sprachlichen Vielfalt beitragen m\u00fcsse. Gleichzeitig erinnerten sie daran, dass Mehrsprachigkeit trotz knapper Bundesfinanzen ein klares Bekenntnis braucht \u2013 \u00absprachliche Vielfalt st\u00e4rkt den Zusammenhalt. Deshalb braucht die Mehrsprachigkeit gen\u00fcgend Ressourcen\u00bb, betonte Anna Giacometti \u2013 und zwar mit sichtbarem Engagement in allen 26 Kantonen.<\/p>\r\n<p>Der Tag der Mehrsprachigkeit zeigte einmal mehr, wie lebendig und verbindend unsere Sprachen sind. Zahlreiche Parlamentarierinnen und Parlamentarier hielten Voten in einer anderen Landessprache als ihrer eigenen und\/oder auf Italienisch und R\u00e4toromanisch. Die siebte Ausgabe kn\u00fcpfte damit nahtlos an den Erfolg der vergangenen Jahre an und bewies eindrucksvoll: Mehrsprachigkeit ist und bleibt einer der wertvollsten Sch\u00e4tze der Schweiz.<\/p>","protected":false},"excerpt":{"rendered":"<p>Von links nach rechts: Nationalr\u00e4tinnen Greta Gysin und Anna Giacometti, Co-Pr\u00e4sidentinnen der parlamentarischen Gruppe ITALIANIT\u00c0; Nationalrat Laurent Wehrli, Pr\u00e4sident von Helvetia Latina; Nationalrat Martin Candinas, Pr\u00e4sident der parlamentarischen Gruppen Mehrsprachigkeit CH und Lingua e cultura rumantscha (Bild: Monika Fl\u00fcckiger \/ Forum Helveticum). Helvetia Latina sowie die parlamentarischen Gruppen \u00abMehrsprachigkeit CH\u00bb (deren Sekretariat vom Forum Helveticum&nbsp;<a class=\"more\" href=\"https:\/\/forum-helveticum.ch\/de\/2025\/10\/tag-der-mehrsprachigkeit-2025-ein-starkes-signal-aus-dem-parlament-2\/\">Mehr<\/a><\/p>\n","protected":false},"author":2,"featured_media":16037,"comment_status":"open","ping_status":"closed","sticky":false,"template":"","format":"standard","meta":{"_acf_changed":false,"footnotes":""},"categories":[63,15,7,14,22],"tags":[],"class_list":["post-16070","post","type-post","status-publish","format-standard","has-post-thumbnail","hentry","category-themen","category-kantone","category-politik","category-bund","category-parlamentarische-gruppe"],"acf":[],"_links":{"self":[{"href":"https:\/\/forum-helveticum.ch\/de\/wp-json\/wp\/v2\/posts\/16070","targetHints":{"allow":["GET"]}}],"collection":[{"href":"https:\/\/forum-helveticum.ch\/de\/wp-json\/wp\/v2\/posts"}],"about":[{"href":"https:\/\/forum-helveticum.ch\/de\/wp-json\/wp\/v2\/types\/post"}],"author":[{"embeddable":true,"href":"https:\/\/forum-helveticum.ch\/de\/wp-json\/wp\/v2\/users\/2"}],"replies":[{"embeddable":true,"href":"https:\/\/forum-helveticum.ch\/de\/wp-json\/wp\/v2\/comments?post=16070"}],"version-history":[{"count":0,"href":"https:\/\/forum-helveticum.ch\/de\/wp-json\/wp\/v2\/posts\/16070\/revisions"}],"wp:featuredmedia":[{"embeddable":true,"href":"https:\/\/forum-helveticum.ch\/de\/wp-json\/wp\/v2\/media\/16037"}],"wp:attachment":[{"href":"https:\/\/forum-helveticum.ch\/de\/wp-json\/wp\/v2\/media?parent=16070"}],"wp:term":[{"taxonomy":"category","embeddable":true,"href":"https:\/\/forum-helveticum.ch\/de\/wp-json\/wp\/v2\/categories?post=16070"},{"taxonomy":"post_tag","embeddable":true,"href":"https:\/\/forum-helveticum.ch\/de\/wp-json\/wp\/v2\/tags?post=16070"}],"curies":[{"name":"wp","href":"https:\/\/api.w.org\/{rel}","templated":true}]}}