{"id":15938,"date":"2025-06-24T17:59:32","date_gmt":"2025-06-24T15:59:32","guid":{"rendered":"https:\/\/forum-helveticum.ch\/?p=15938"},"modified":"2025-06-24T18:04:24","modified_gmt":"2025-06-24T16:04:24","slug":"linguissimo-in-delemont-ein-finale-voller-poesie","status":"publish","type":"post","link":"https:\/\/forum-helveticum.ch\/de\/2025\/06\/linguissimo-in-delemont-ein-finale-voller-poesie\/","title":{"rendered":"Linguissimo in Del\u00e9mont: ein Finale voller Poesie"},"content":{"rendered":"<p>Am 14. und 15. Juni 2025 trafen sich 27 junge Schreibtalente aus allen Landesteilen in Del\u00e9mont zum grossen Finale des nationalen Schreibwettbewerbs <a href=\"https:\/\/linguissimo.ch\/de\/home-2\/\">Linguissimo<\/a>. In gemischtsprachigen Teams verfassten sie zwei- oder mehrsprachige Gedichte und pr\u00e4sentierten diese der Jury sowie dem Publikum. Eine Fachjury aus allen vier Sprachregionen k\u00fcrte die drei kreativsten und inspirierendsten Beitr\u00e4ge. Die sieben Gewinnerinnen stammen aus den Kantonen BE, FR, GR, TI e VD.\u00a0<\/p>\r\n<p>Die Texte der Finalistinnen und Finalisten sind auf der Webseite von\u00a0<a href=\"https:\/\/linguissimo.ch\/de\/archiv-2025-de\/\">Linguissimo<\/a>\u00a0zu finden.<\/p>\r\n<p><!--more--><\/p>\r\n<p>Der viersprachige Schreibwettbewerb Linguissimo richtet sich an Jugendliche zwischen 16 und 21 Jahren, insbesondere an Schulklassen der Sekundarstufe II. Um am Wettbewerb teilnehmen zu k\u00f6nnen, verfassten die Jugendlichen zwei Texte in zwei verschiedenen Landessprachen. Im ersten Text ging es bei der diesj\u00e4hrigen Ausgabe ums Thema \u00abZeitreise\u00bb. Der zweite k\u00fcrzere Text handelt von einer pers\u00f6nlichen Erfahrung mit Fremdsprachen oder Mehrsprachigkeit. Dieses Jahr haben \u00fcber 300 Jugendliche (ein Rekord!) aus den vier Sprachenregionen der Schweiz ihre Texte eingereicht.<\/p>\r\n<p>Die Verfasserinnen und Verfasser der kreativsten Beitr\u00e4ge wurden von einer nationalen Jury zum Finale eingeladen, das am 14. und 15. Juni in der Jugendherberge von Del\u00e9mont unter dem Motto \u00abPoesie\u00bb stattfand. W\u00e4hrend des Finalwochenendes f\u00fchrten Blake Eduardo Carreno (Franz\u00f6sisch), Sara Francesca Hermann (R\u00e4toromanisch), Jovana Nikic (Deutsch) und Andrea Noseda (Italienisch) die Jugendlichen in Workshops ins poetische Schreiben ein.<\/p>\r\n<p>Anschliessend verfassten die Teilnehmerinnen und Teilnehmer, in Zweier- oder Dreierteams zwei- und\/oder mehrsprachige Gedichte, die sie dann der Jury und anderen Jugendlichen vorstellten. Die Jury hatte dann die schwierige Aufgabe, die drei Teams mit den sch\u00f6nsten Gedichten auszuw\u00e4hlen, wobei sie sowohl die Originalit\u00e4t der Texte als auch ihre formale Qualit\u00e4t ber\u00fccksichtigte.\u00a0<\/p>","protected":false},"excerpt":{"rendered":"<p>Am 14. und 15. Juni 2025 trafen sich 27 junge Schreibtalente aus allen Landesteilen in Del\u00e9mont zum grossen Finale des nationalen Schreibwettbewerbs Linguissimo. In gemischtsprachigen Teams verfassten sie zwei- oder mehrsprachige Gedichte und pr\u00e4sentierten diese der Jury sowie dem Publikum. Eine Fachjury aus allen vier Sprachregionen k\u00fcrte die drei kreativsten und inspirierendsten Beitr\u00e4ge. Die sieben&nbsp;<a class=\"more\" href=\"https:\/\/forum-helveticum.ch\/de\/2025\/06\/linguissimo-in-delemont-ein-finale-voller-poesie\/\">Mehr<\/a><\/p>\n","protected":false},"author":2,"featured_media":15933,"comment_status":"open","ping_status":"closed","sticky":false,"template":"","format":"standard","meta":{"_acf_changed":false,"footnotes":""},"categories":[6,21],"tags":[],"class_list":["post-15938","post","type-post","status-publish","format-standard","has-post-thumbnail","hentry","category-bildung","category-linguissimo"],"acf":[],"_links":{"self":[{"href":"https:\/\/forum-helveticum.ch\/de\/wp-json\/wp\/v2\/posts\/15938","targetHints":{"allow":["GET"]}}],"collection":[{"href":"https:\/\/forum-helveticum.ch\/de\/wp-json\/wp\/v2\/posts"}],"about":[{"href":"https:\/\/forum-helveticum.ch\/de\/wp-json\/wp\/v2\/types\/post"}],"author":[{"embeddable":true,"href":"https:\/\/forum-helveticum.ch\/de\/wp-json\/wp\/v2\/users\/2"}],"replies":[{"embeddable":true,"href":"https:\/\/forum-helveticum.ch\/de\/wp-json\/wp\/v2\/comments?post=15938"}],"version-history":[{"count":0,"href":"https:\/\/forum-helveticum.ch\/de\/wp-json\/wp\/v2\/posts\/15938\/revisions"}],"wp:featuredmedia":[{"embeddable":true,"href":"https:\/\/forum-helveticum.ch\/de\/wp-json\/wp\/v2\/media\/15933"}],"wp:attachment":[{"href":"https:\/\/forum-helveticum.ch\/de\/wp-json\/wp\/v2\/media?parent=15938"}],"wp:term":[{"taxonomy":"category","embeddable":true,"href":"https:\/\/forum-helveticum.ch\/de\/wp-json\/wp\/v2\/categories?post=15938"},{"taxonomy":"post_tag","embeddable":true,"href":"https:\/\/forum-helveticum.ch\/de\/wp-json\/wp\/v2\/tags?post=15938"}],"curies":[{"name":"wp","href":"https:\/\/api.w.org\/{rel}","templated":true}]}}