{"id":14408,"date":"2023-10-11T08:29:40","date_gmt":"2023-10-11T06:29:40","guid":{"rendered":"https:\/\/forum-helveticum.ch\/?p=14408"},"modified":"2023-11-08T08:13:34","modified_gmt":"2023-11-08T07:13:34","slug":"die-ausgabe-2023-2024-von-linguissimo-ist-lanciert","status":"publish","type":"post","link":"https:\/\/forum-helveticum.ch\/de\/2023\/10\/die-ausgabe-2023-2024-von-linguissimo-ist-lanciert\/","title":{"rendered":"Die Ausgabe 2023\/2024 von LINGUISSIMO ist lanciert!"},"content":{"rendered":"<p>Die neuste Ausgabe des Schreibwettbewerbs <a href=\"https:\/\/linguissimo.ch\/de\/home-2\/\">Linguissimo<\/a>, der seit 2008 vom Forum Helveticum organisiert wird, ist lanciert! Bereits zum 16. Mal l\u00e4dt das Forum Helveticum Jugendliche zwischen 16 und 21 Jahren ein, am mehrsprachigen Wettbewerb teilzunehmen. Das diesj\u00e4hrige Thema ist \u00ab<strong>Warum nicht?<\/strong>\u00bb.<\/p>\r\n<p><!--more--><\/p>\r\n<p>Der Wettbewerb <a href=\"https:\/\/linguissimo.ch\/de\/home-2\/\">Linguissimo<\/a> richtet sich an Jugendliche zwischen 16 und 21 Jahren und an Schulklassen der Sekundarstufe II in der ganzen Schweiz.<\/p>\r\n<p>Um am Wettbewerb teilnehmen zu k\u00f6nnen, verfassen die Jugendlichen <strong>zwei Texte<\/strong> in zwei verschiedenen Landessprachen. Im ersten Text geht es ums Thema \u00ab<strong>Warum nicht?<\/strong>\u00bb. Wenn die Verfasserinnen und Verfasser m\u00f6chten, d\u00fcrfen sie sich dabei auf einen speziellen Ort in der Schweiz beziehen \u2013 ihr Text wird dann eventuell auf der <a href=\"https:\/\/linguissimo.ch\/de\/home-2\/#homemap\">interaktiven Karte<\/a> des Wettbewerbs publiziert. Bez\u00fcglich Genre ist alles erlaubt: Fiktion, Beschreibung, Poesie\u2026 Der zweite k\u00fcrzere Text handelt von einer pers\u00f6nlichen Erfahrung mit Fremdsprachen oder Mehrsprachigkeit.<\/p>\r\n<p>Die Verfasser und Verfasserinnen der 30 kreativsten Beitr\u00e4ge werden zum <strong>Finale<\/strong> eingeladen, das dieses Mal in <strong>Bellinzona<\/strong> stattfindet und dem Thema \u00ab<strong>Bring mich zum Lachen!<\/strong>\u00bb gewidmet ist. Im Finale stehen Begegnung und Sprachaustausch im Vordergrund: Die Teilnehmerinnen und Teilnehmer verfassen \u2013 gemeinsam mit einem\/einer anderssprachigen Jugendlichen und mit Hilfe von Autorinnen und Autoren aus allen vier Sprachregionen \u2013 eine kurze Geschichte, die sie anschliessend der Jury und den anderen Teilnehmerinnen und Teilnehmern pr\u00e4sentieren. Die drei besten Tandems gewinnen eine gemeinsame Reise in eine sch\u00f6ne Ecke der Schweiz.<\/p>\r\n<p><strong>Fristen\u00a0\u00a0\u00a0\u00a0\u00a0\u00a0\u00a0\u00a0\u00a0\u00a0\u00a0\u00a0\u00a0\u00a0\u00a0\u00a0\u00a0\u00a0\u00a0\u00a0\u00a0\u00a0\u00a0\u00a0\u00a0\u00a0\u00a0\u00a0\u00a0\u00a0\u00a0\u00a0\u00a0\u00a0\u00a0\u00a0\u00a0\u00a0\u00a0\u00a0\u00a0\u00a0\u00a0\u00a0\u00a0\u00a0\u00a0\u00a0\u00a0\u00a0\u00a0\u00a0\u00a0\u00a0\u00a0\u00a0\u00a0\u00a0\u00a0\u00a0\u00a0\u00a0\u00a0\u00a0\u00a0\u00a0\u00a0\u00a0\u00a0\u00a0\u00a0\u00a0\u00a0\u00a0\u00a0\u00a0\u00a0\u00a0\u00a0\u00a0\u00a0\u00a0\u00a0\u00a0\u00a0\u00a0\u00a0\u00a0\u00a0\u00a0\u00a0\u00a0\u00a0\u00a0\u00a0\u00a0\u00a0\u00a0\u00a0\u00a0 <\/strong><\/p>\r\n<ul>\r\n\t<li>Anmeldeschluss: <strong>31. Januar 2024\u00a0\u00a0\u00a0\u00a0\u00a0\u00a0<\/strong>\u00a0\u00a0\u00a0\u00a0\u00a0\u00a0\u00a0\u00a0\u00a0\u00a0\u00a0\u00a0\u00a0\u00a0\u00a0\u00a0\u00a0\u00a0\u00a0\u00a0\u00a0\u00a0\u00a0\u00a0\u00a0\u00a0\u00a0\u00a0\u00a0\u00a0\u00a0\u00a0\u00a0\u00a0\u00a0\u00a0\u00a0\u00a0\u00a0\u00a0\u00a0\u00a0\u00a0\u00a0\u00a0<\/li>\r\n\t<li>Abgabetermin f\u00fcr die Beitr\u00e4ge: <strong>15. Februar 2024<\/strong><\/li>\r\n<\/ul>\r\n<p>\u00a0Online-Anmeldung: <a href=\"https:\/\/linguissimo.ch\/de\/formulaire-inscription-de\/\">Klicken Sie hier<\/a>.<\/p>\r\n<p><strong>Ziele<\/strong><\/p>\r\n<p>Mit Linguissimo will das Forum Helveticum die Verst\u00e4ndigung und den Austausch zwischen jungen Menschen aus den verschiedenen Sprachregionen unseres Landes f\u00f6rdern, ihr Interesse an der Schweizer Mehrsprachigkeit wecken und sie zur Anwendung der Landessprachen motivieren.<\/p>\r\n<p>Der Wettbewerb steht allen Jugendlichen zwischen 16 und 21 Jahren offen, ist aber besonders f\u00fcr Klassen der Sekundarstufe II geeignet. Er bietet Lehrpersonen die Gelegenheit, mit ihren Sch\u00fclerinnen und Sch\u00fclern die Frage der Mehrsprachigkeit in der Schweiz zu er\u00f6rtern. Alle Klassen, die sich f\u00fcr den Wettbewerb anmelden, nehmen an der Verlosung teil, bei der eine Klasse einen Preis von CHF 500.\u2013 gewinnt.<\/p>\r\n<p><sup>Bild: Pixabay<\/sup><\/p>","protected":false},"excerpt":{"rendered":"<p>Die neuste Ausgabe des Schreibwettbewerbs Linguissimo, der seit 2008 vom Forum Helveticum organisiert wird, ist lanciert! Bereits zum 16. Mal l\u00e4dt das Forum Helveticum Jugendliche zwischen 16 und 21 Jahren ein, am mehrsprachigen Wettbewerb teilzunehmen. Das diesj\u00e4hrige Thema ist \u00abWarum nicht?\u00bb.<\/p>\n","protected":false},"author":2,"featured_media":14432,"comment_status":"open","ping_status":"closed","sticky":false,"template":"","format":"standard","meta":{"_acf_changed":false,"footnotes":""},"categories":[6,21,12],"tags":[367,377,442],"class_list":["post-14408","post","type-post","status-publish","format-standard","has-post-thumbnail","hentry","category-bildung","category-linguissimo","category-projekte","tag-sprachen","tag-austausch","tag-jugend"],"acf":[],"_links":{"self":[{"href":"https:\/\/forum-helveticum.ch\/de\/wp-json\/wp\/v2\/posts\/14408","targetHints":{"allow":["GET"]}}],"collection":[{"href":"https:\/\/forum-helveticum.ch\/de\/wp-json\/wp\/v2\/posts"}],"about":[{"href":"https:\/\/forum-helveticum.ch\/de\/wp-json\/wp\/v2\/types\/post"}],"author":[{"embeddable":true,"href":"https:\/\/forum-helveticum.ch\/de\/wp-json\/wp\/v2\/users\/2"}],"replies":[{"embeddable":true,"href":"https:\/\/forum-helveticum.ch\/de\/wp-json\/wp\/v2\/comments?post=14408"}],"version-history":[{"count":0,"href":"https:\/\/forum-helveticum.ch\/de\/wp-json\/wp\/v2\/posts\/14408\/revisions"}],"wp:featuredmedia":[{"embeddable":true,"href":"https:\/\/forum-helveticum.ch\/de\/wp-json\/wp\/v2\/media\/14432"}],"wp:attachment":[{"href":"https:\/\/forum-helveticum.ch\/de\/wp-json\/wp\/v2\/media?parent=14408"}],"wp:term":[{"taxonomy":"category","embeddable":true,"href":"https:\/\/forum-helveticum.ch\/de\/wp-json\/wp\/v2\/categories?post=14408"},{"taxonomy":"post_tag","embeddable":true,"href":"https:\/\/forum-helveticum.ch\/de\/wp-json\/wp\/v2\/tags?post=14408"}],"curies":[{"name":"wp","href":"https:\/\/api.w.org\/{rel}","templated":true}]}}