{"id":13827,"date":"2023-05-16T16:17:08","date_gmt":"2023-05-16T14:17:08","guid":{"rendered":"https:\/\/forum-helveticum.ch\/?p=13827"},"modified":"2024-02-01T16:26:56","modified_gmt":"2024-02-01T15:26:56","slug":"maerchen-und-mehrsprachigkeit-im-fokus-des-linguissimo-finales","status":"publish","type":"post","link":"https:\/\/forum-helveticum.ch\/de\/2023\/05\/maerchen-und-mehrsprachigkeit-im-fokus-des-linguissimo-finales\/","title":{"rendered":"M\u00e4rchen und Mehrsprachigkeit im Fokus des Linguissimo-Finales"},"content":{"rendered":"<p>21 junge Schreibtalente aus der ganzen Schweiz haben sich vom 13. bis 14. Mai 2023 in Chur zum Finale des nationalen Schreibwettbewerbs Linguissimo eingefunden. Ihre Aufgabe: \u00dcber die Sprachgrenzen hinweg ein kurzes M\u00e4rchen zu verfassen. Eine Jury aus Schweizer Erz\u00e4hlerinnen und Erz\u00e4hlern k\u00fcrte die besten Werke. Die sechs gl\u00fccklichen Siegerinnen und Sieger aus den Kantonen BE, FR, GE, SZ und VD d\u00fcrfen im Sommer gemeinsam eine Reise in der Schweiz unternehmen. Linguissimo wird seit 2008 vom Forum Helveticum organisiert.<\/p>\r\n<p>Die Texte der Finalistinnen und Finalisten sind auf der Webseite von <a href=\"https:\/\/linguissimo.ch\/archiv-2022-2023-fr-2\/\">Linguissimo<\/a> zu finden.<\/p>\r\n<p><!--more--><\/p>\r\n<p>Aus \u00fcber 300 Einsendungen von Teilnehmenden zwischen 16 und 21 Jahren wurden 21 Finalistinnen und Finalisten aus der ganzen Schweiz f\u00fcr die zweite Runde ausgew\u00e4hlt. Anl\u00e4sslich des Finales vom 13. bis 14. Mai 2023 am Hauptsitz der Lia Rumantscha in Chur trafen die jungen Schreibtalente auf Schweizer Erz\u00e4hlerinnen und Erz\u00e4hler: Conchi Vega (Deutsch), Lorette Andersen (Franz\u00f6sisch), Cristina Galfetti Schneider (Italienisch) und Lorenzo Polin (Romanisch). Diese f\u00fchrten die Jugendlichen in die vielf\u00e4ltige Welt der M\u00e4rchen und Sagen ein.<\/p>\r\n<p>Am Sonntag pr\u00e4sentierten die jungen Schreibtalente ihre in zweisprachigen Tandems verfassten Kurztexte und die Jury verk\u00fcndete die Wahl der besten Texte: Die sechs Gewinnerinnen und Gewinner der Ausgabe 2023 stammen aus den Kantonen BE, FR, GE, SZ und VD und repr\u00e4sentieren eine vom sprachkulturellen Reichtum ihres Landes inspirierte Schweizer Jugend. Sie gewinnen eine gemeinsame Reise in der Schweiz.<\/p>\r\n<p>W\u00e4hrend des Finales erhielten die Jugendlichen zudem die Gelegenheit, an einem viersprachigen M\u00e4rchenabend und einem Einf\u00fchrungskurs in die r\u00e4toromanische Sprache teilzunehmen.<\/p>","protected":false},"excerpt":{"rendered":"<p>21 junge Schreibtalente aus der ganzen Schweiz haben sich vom 13. bis 14. Mai 2023 in Chur zum Finale des nationalen Schreibwettbewerbs Linguissimo eingefunden. Ihre Aufgabe: \u00dcber die Sprachgrenzen hinweg ein kurzes M\u00e4rchen zu verfassen. Eine Jury aus Schweizer Erz\u00e4hlerinnen und Erz\u00e4hlern k\u00fcrte die besten Werke. Die sechs gl\u00fccklichen Siegerinnen und Sieger aus den Kantonen&nbsp;<a class=\"more\" href=\"https:\/\/forum-helveticum.ch\/de\/2023\/05\/maerchen-und-mehrsprachigkeit-im-fokus-des-linguissimo-finales\/\">Mehr<\/a><\/p>\n","protected":false},"author":2,"featured_media":13829,"comment_status":"open","ping_status":"closed","sticky":false,"template":"","format":"standard","meta":{"_acf_changed":false,"footnotes":""},"categories":[63,21,12,35],"tags":[367,377,442],"class_list":["post-13827","post","type-post","status-publish","format-standard","has-post-thumbnail","hentry","category-themen","category-linguissimo","category-projekte","category-medienmitteilungen","tag-sprachen","tag-austausch","tag-jugend"],"acf":[],"_links":{"self":[{"href":"https:\/\/forum-helveticum.ch\/de\/wp-json\/wp\/v2\/posts\/13827","targetHints":{"allow":["GET"]}}],"collection":[{"href":"https:\/\/forum-helveticum.ch\/de\/wp-json\/wp\/v2\/posts"}],"about":[{"href":"https:\/\/forum-helveticum.ch\/de\/wp-json\/wp\/v2\/types\/post"}],"author":[{"embeddable":true,"href":"https:\/\/forum-helveticum.ch\/de\/wp-json\/wp\/v2\/users\/2"}],"replies":[{"embeddable":true,"href":"https:\/\/forum-helveticum.ch\/de\/wp-json\/wp\/v2\/comments?post=13827"}],"version-history":[{"count":0,"href":"https:\/\/forum-helveticum.ch\/de\/wp-json\/wp\/v2\/posts\/13827\/revisions"}],"wp:featuredmedia":[{"embeddable":true,"href":"https:\/\/forum-helveticum.ch\/de\/wp-json\/wp\/v2\/media\/13829"}],"wp:attachment":[{"href":"https:\/\/forum-helveticum.ch\/de\/wp-json\/wp\/v2\/media?parent=13827"}],"wp:term":[{"taxonomy":"category","embeddable":true,"href":"https:\/\/forum-helveticum.ch\/de\/wp-json\/wp\/v2\/categories?post=13827"},{"taxonomy":"post_tag","embeddable":true,"href":"https:\/\/forum-helveticum.ch\/de\/wp-json\/wp\/v2\/tags?post=13827"}],"curies":[{"name":"wp","href":"https:\/\/api.w.org\/{rel}","templated":true}]}}